{"id":114,"date":"2025-10-24T07:54:29","date_gmt":"2025-10-24T05:54:29","guid":{"rendered":"https:\/\/www.almarza.info\/almarock\/?p=114"},"modified":"2025-10-24T07:55:53","modified_gmt":"2025-10-24T05:55:53","slug":"almarock-2025-koma","status":"publish","type":"post","link":"https:\/\/www.almarza.info\/almarock\/almarock-2025-koma\/","title":{"rendered":"Almarock 2025: KOMA"},"content":{"rendered":"<p>S\u00ed, hab\u00e9is visto bien&#8230; los p**os @komabanda encabezan el cartel de la IX edici\u00f3n del Almarock!!!<!--more--><\/p>\n<p>Qu\u00e9 decir que no se sepa ya de esta banda. Un directo que te golpea como un pu\u00f1o en la cara. Letras afiladas y riffs que har\u00e1n temblar el suelo de Almarza.<\/p>\n<p>Desde Pamplona, Brigi y los suyos vendr\u00e1n con su \u00abM\u00e1quina del Tiempo\u00bb para traer los temas que nos han acompa\u00f1ado durante media vida.<\/p>\n<p style=\"text-align: center;\"><strong style=\"color: #ff0000; text-align: center; font-size: 1.125rem;\">\u00a1\u00a1\u00a1 NO TE LO PUEDES PERDER !!!<\/strong><\/p>\n<p style=\"text-align: center;\"><img loading=\"lazy\" decoding=\"async\" class=\"alignnone wp-image-112 size-medium\" src=\"https:\/\/www.almarza.info\/almarock\/wp-content\/uploads\/2025\/10\/koma-288x300.jpg\" alt=\"\" width=\"288\" height=\"300\" srcset=\"https:\/\/www.almarza.info\/almarock\/wp-content\/uploads\/2025\/10\/koma-288x300.jpg 288w, https:\/\/www.almarza.info\/almarock\/wp-content\/uploads\/2025\/10\/koma.jpg 372w\" sizes=\"auto, (max-width: 288px) 100vw, 288px\" \/><\/p>\n<p>&nbsp;<\/p>\n<p>&nbsp;<\/p>\n","protected":false},"excerpt":{"rendered":"<p>S\u00ed, hab\u00e9is visto bien&#8230; los p**os @komabanda encabezan el cartel de la IX edici\u00f3n del Almarock!!!<\/p>\n","protected":false},"author":1,"featured_media":112,"comment_status":"open","ping_status":"open","sticky":false,"template":"","format":"standard","meta":{"footnotes":""},"categories":[4],"tags":[3,10],"class_list":["post-114","post","type-post","status-publish","format-standard","has-post-thumbnail","hentry","category-grupos-2025","tag-3","tag-koma"],"_links":{"self":[{"href":"https:\/\/www.almarza.info\/almarock\/wp-json\/wp\/v2\/posts\/114","targetHints":{"allow":["GET"]}}],"collection":[{"href":"https:\/\/www.almarza.info\/almarock\/wp-json\/wp\/v2\/posts"}],"about":[{"href":"https:\/\/www.almarza.info\/almarock\/wp-json\/wp\/v2\/types\/post"}],"author":[{"embeddable":true,"href":"https:\/\/www.almarza.info\/almarock\/wp-json\/wp\/v2\/users\/1"}],"replies":[{"embeddable":true,"href":"https:\/\/www.almarza.info\/almarock\/wp-json\/wp\/v2\/comments?post=114"}],"version-history":[{"count":3,"href":"https:\/\/www.almarza.info\/almarock\/wp-json\/wp\/v2\/posts\/114\/revisions"}],"predecessor-version":[{"id":117,"href":"https:\/\/www.almarza.info\/almarock\/wp-json\/wp\/v2\/posts\/114\/revisions\/117"}],"wp:featuredmedia":[{"embeddable":true,"href":"https:\/\/www.almarza.info\/almarock\/wp-json\/wp\/v2\/media\/112"}],"wp:attachment":[{"href":"https:\/\/www.almarza.info\/almarock\/wp-json\/wp\/v2\/media?parent=114"}],"wp:term":[{"taxonomy":"category","embeddable":true,"href":"https:\/\/www.almarza.info\/almarock\/wp-json\/wp\/v2\/categories?post=114"},{"taxonomy":"post_tag","embeddable":true,"href":"https:\/\/www.almarza.info\/almarock\/wp-json\/wp\/v2\/tags?post=114"}],"curies":[{"name":"wp","href":"https:\/\/api.w.org\/{rel}","templated":true}]}}