{"id":118,"date":"2025-10-24T08:08:01","date_gmt":"2025-10-24T06:08:01","guid":{"rendered":"https:\/\/www.almarza.info\/almarock\/?p=118"},"modified":"2025-10-24T08:15:17","modified_gmt":"2025-10-24T06:15:17","slug":"cartel-almarock-2025","status":"publish","type":"post","link":"https:\/\/www.almarza.info\/almarock\/cartel-almarock-2025\/","title":{"rendered":"CARTEL ALMAROCK 2025"},"content":{"rendered":"<p>\u00a1Estamos encantados de presentaros el cartel de la IX edici\u00f3n del mejor festival del invierno!<!--more--><\/p>\n<p>Para esta edici\u00f3n @komabanda, @gravenoiseofficial y @krakenpunkrock ser\u00e1n los encargados de poner patas arriba Almarza y dejar en vuestra memoria el mejor recuerdo de la Navidad.<\/p>\n<p>Con este cartel hemos vuelto a hacer un gui\u00f1o a nuestra celebraci\u00f3n m\u00e1s especial, el traslado del Arca, una tradici\u00f3n con m\u00e1s de 700 a\u00f1os de antig\u00fcedad que simboliza el hermanamiento entre pueblos.<\/p>\n<p>Almarza y San Andr\u00e9s de Soria se intercambian la custodia del Arca cada 6 de enero. Es un momento m\u00e1gico que enaltece la uni\u00f3n, el respeto y el entendimiento, valores que han de servir de ejemplo para nuestra sociedad actual.<\/p>\n<p>Puntos de entrada f\u00edsicos:<\/p>\n<ul>\n<li>@queru_bar (Soria)<\/li>\n<li>@canallabarsoria (Soria)<\/li>\n<li>@numanguerrix (Soria)<\/li>\n<li>@cuatro4vientos (Almarza)<\/li>\n<\/ul>\n<p>Venta online:<\/p>\n<ul>\n<li>@woutick<\/li>\n<\/ul>\n<p style=\"text-align: center;\"><a href=\"https:\/\/woutick.com\/es\/entradas\/almarock25\" target=\"_blank\" rel=\"noopener\"><img loading=\"lazy\" decoding=\"async\" class=\"alignnone size-medium wp-image-61\" src=\"https:\/\/www.almarza.info\/almarock\/wp-content\/uploads\/2025\/09\/entradaswoutick-300x109.png\" alt=\"\" width=\"300\" height=\"109\" srcset=\"https:\/\/www.almarza.info\/almarock\/wp-content\/uploads\/2025\/09\/entradaswoutick-300x109.png 300w, https:\/\/www.almarza.info\/almarock\/wp-content\/uploads\/2025\/09\/entradaswoutick.png 734w\" sizes=\"auto, (max-width: 300px) 100vw, 300px\" \/><\/a><\/p>\n<p>&nbsp;<\/p>\n<p style=\"text-align: center;\"><img loading=\"lazy\" decoding=\"async\" class=\"alignnone wp-image-111 size-full\" src=\"https:\/\/www.almarza.info\/almarock\/wp-content\/uploads\/2025\/10\/2025_cartel.jpg\" alt=\"\" width=\"1150\" height=\"1440\" srcset=\"https:\/\/www.almarza.info\/almarock\/wp-content\/uploads\/2025\/10\/2025_cartel.jpg 1150w, https:\/\/www.almarza.info\/almarock\/wp-content\/uploads\/2025\/10\/2025_cartel-240x300.jpg 240w, https:\/\/www.almarza.info\/almarock\/wp-content\/uploads\/2025\/10\/2025_cartel-818x1024.jpg 818w, https:\/\/www.almarza.info\/almarock\/wp-content\/uploads\/2025\/10\/2025_cartel-768x962.jpg 768w\" sizes=\"auto, (max-width: 1150px) 100vw, 1150px\" \/><\/p>\n","protected":false},"excerpt":{"rendered":"<p>\u00a1Estamos encantados de presentaros el cartel de la IX edici\u00f3n del mejor festival del invierno!<\/p>\n","protected":false},"author":1,"featured_media":111,"comment_status":"open","ping_status":"open","sticky":false,"template":"","format":"standard","meta":{"footnotes":""},"categories":[11],"tags":[3,6,10,5],"class_list":["post-118","post","type-post","status-publish","format-standard","has-post-thumbnail","hentry","category-carteles","tag-3","tag-grave-noise","tag-koma","tag-kraken"],"_links":{"self":[{"href":"https:\/\/www.almarza.info\/almarock\/wp-json\/wp\/v2\/posts\/118","targetHints":{"allow":["GET"]}}],"collection":[{"href":"https:\/\/www.almarza.info\/almarock\/wp-json\/wp\/v2\/posts"}],"about":[{"href":"https:\/\/www.almarza.info\/almarock\/wp-json\/wp\/v2\/types\/post"}],"author":[{"embeddable":true,"href":"https:\/\/www.almarza.info\/almarock\/wp-json\/wp\/v2\/users\/1"}],"replies":[{"embeddable":true,"href":"https:\/\/www.almarza.info\/almarock\/wp-json\/wp\/v2\/comments?post=118"}],"version-history":[{"count":2,"href":"https:\/\/www.almarza.info\/almarock\/wp-json\/wp\/v2\/posts\/118\/revisions"}],"predecessor-version":[{"id":121,"href":"https:\/\/www.almarza.info\/almarock\/wp-json\/wp\/v2\/posts\/118\/revisions\/121"}],"wp:featuredmedia":[{"embeddable":true,"href":"https:\/\/www.almarza.info\/almarock\/wp-json\/wp\/v2\/media\/111"}],"wp:attachment":[{"href":"https:\/\/www.almarza.info\/almarock\/wp-json\/wp\/v2\/media?parent=118"}],"wp:term":[{"taxonomy":"category","embeddable":true,"href":"https:\/\/www.almarza.info\/almarock\/wp-json\/wp\/v2\/categories?post=118"},{"taxonomy":"post_tag","embeddable":true,"href":"https:\/\/www.almarza.info\/almarock\/wp-json\/wp\/v2\/tags?post=118"}],"curies":[{"name":"wp","href":"https:\/\/api.w.org\/{rel}","templated":true}]}}