{"id":128,"date":"2025-09-29T11:15:59","date_gmt":"2025-09-29T09:15:59","guid":{"rendered":"https:\/\/www.almarza.info\/almarock\/?p=128"},"modified":"2025-12-19T11:22:16","modified_gmt":"2025-12-19T10:22:16","slug":"almarock-2025-dj-noys","status":"publish","type":"post","link":"https:\/\/www.almarza.info\/almarock\/almarock-2025-dj-noys\/","title":{"rendered":"Almarock 2025: DJ NOY&#8217;S"},"content":{"rendered":"<p>David, m\u00e1s conocido como Dj Noy&#8217;s, abrir\u00e1 este a\u00f1o el Almarock Festival.<!--more--><\/p>\n<p><span style=\"font-size: 1.125rem;\">Todo evento que se precie tiene que tener un calentamiento previo&#8230; \u00a1no queremos que haya ninguna lesi\u00f3n cervical!<\/span><\/p>\n<p>@dj_noys estar\u00e1 en los minutos previos al festival, caldeando el ambiente. El adnamantino viene a Almarza para hacernos mover el cuello con una sesi\u00f3n digna de esta edici\u00f3n del Almarock.<\/p>\n<p>Sus primeros pasos los dio en la discoteca Non de Bilbao, en el \u201cBumping Festival\u201d. Sus inicios est\u00e1n centrados en la electr\u00f3nica, en el a\u00f1o 2009 decide dar un giro y comienza a trabajar el g\u00e9nero urbano, principalmente reggaeton y dembow.<\/p>\n<p>Sus actuaciones han recorrido todo el pa\u00eds, incluso llegando a actuar en B\u00e9lgica, Croacia, Francia y Puerto Rico, compartiendo cartel con grandes artistas tanto a nivel nacional como a nivel internacional.<\/p>\n<p>Sus producciones tambi\u00e9n van por buen camino, cuenta con varias colaboraciones internacionales con artistas de pa\u00edses como Cuba, Colombia, Puerto Rico, Rep\u00fablica Dominicana o Venezuela.<\/p>\n<p style=\"text-align: center;\"><strong style=\"color: #ff0000; text-align: center; font-size: 1.125rem;\">\u00a1\u00a1\u00a1 NO TE LO PUEDES PERDER !!!<\/strong><\/p>\n<p style=\"text-align: center;\"><img loading=\"lazy\" decoding=\"async\" class=\"alignnone size-medium wp-image-131\" src=\"https:\/\/www.almarza.info\/almarock\/wp-content\/uploads\/2025\/12\/dj_noys-300x268.jpg\" alt=\"\" width=\"300\" height=\"268\" srcset=\"https:\/\/www.almarza.info\/almarock\/wp-content\/uploads\/2025\/12\/dj_noys-300x268.jpg 300w, https:\/\/www.almarza.info\/almarock\/wp-content\/uploads\/2025\/12\/dj_noys-1024x913.jpg 1024w, https:\/\/www.almarza.info\/almarock\/wp-content\/uploads\/2025\/12\/dj_noys-768x685.jpg 768w, https:\/\/www.almarza.info\/almarock\/wp-content\/uploads\/2025\/12\/dj_noys.jpg 1080w\" sizes=\"auto, (max-width: 300px) 100vw, 300px\" \/><\/p>\n<p>&nbsp;<\/p>\n<p>&nbsp;<\/p>\n","protected":false},"excerpt":{"rendered":"<p>David, m\u00e1s conocido como Dj Noy&#8217;s, abrir\u00e1 este a\u00f1o el Almarock Festival.<\/p>\n","protected":false},"author":1,"featured_media":131,"comment_status":"open","ping_status":"open","sticky":false,"template":"","format":"standard","meta":{"footnotes":""},"categories":[4],"tags":[3,12],"class_list":["post-128","post","type-post","status-publish","format-standard","has-post-thumbnail","hentry","category-grupos-2025","tag-3","tag-dj-noys"],"_links":{"self":[{"href":"https:\/\/www.almarza.info\/almarock\/wp-json\/wp\/v2\/posts\/128","targetHints":{"allow":["GET"]}}],"collection":[{"href":"https:\/\/www.almarza.info\/almarock\/wp-json\/wp\/v2\/posts"}],"about":[{"href":"https:\/\/www.almarza.info\/almarock\/wp-json\/wp\/v2\/types\/post"}],"author":[{"embeddable":true,"href":"https:\/\/www.almarza.info\/almarock\/wp-json\/wp\/v2\/users\/1"}],"replies":[{"embeddable":true,"href":"https:\/\/www.almarza.info\/almarock\/wp-json\/wp\/v2\/comments?post=128"}],"version-history":[{"count":3,"href":"https:\/\/www.almarza.info\/almarock\/wp-json\/wp\/v2\/posts\/128\/revisions"}],"predecessor-version":[{"id":133,"href":"https:\/\/www.almarza.info\/almarock\/wp-json\/wp\/v2\/posts\/128\/revisions\/133"}],"wp:featuredmedia":[{"embeddable":true,"href":"https:\/\/www.almarza.info\/almarock\/wp-json\/wp\/v2\/media\/131"}],"wp:attachment":[{"href":"https:\/\/www.almarza.info\/almarock\/wp-json\/wp\/v2\/media?parent=128"}],"wp:term":[{"taxonomy":"category","embeddable":true,"href":"https:\/\/www.almarza.info\/almarock\/wp-json\/wp\/v2\/categories?post=128"},{"taxonomy":"post_tag","embeddable":true,"href":"https:\/\/www.almarza.info\/almarock\/wp-json\/wp\/v2\/tags?post=128"}],"curies":[{"name":"wp","href":"https:\/\/api.w.org\/{rel}","templated":true}]}}