{"id":71,"date":"2025-10-06T12:07:13","date_gmt":"2025-10-06T10:07:13","guid":{"rendered":"https:\/\/www.almarza.info\/almarock\/?p=71"},"modified":"2025-10-06T21:31:11","modified_gmt":"2025-10-06T19:31:11","slug":"almarock-2025-grave-noise","status":"publish","type":"post","link":"https:\/\/www.almarza.info\/almarock\/almarock-2025-grave-noise\/","title":{"rendered":"Almarock 2025: GRAVE NOISE"},"content":{"rendered":"<p>El grupo soriano burgal\u00e9s es la segunda confirmaci\u00f3n del Almarock&#8217;25.<!--more--><\/p>\n<p>Grave Noise es un grupo de Thrash Metal formada en el a\u00f1o 2013. Su primera maqueta, \u00abSelf Destroy Us\u00bb, se public\u00f3 en el a\u00f1o 2015 junto con su primer videoclip \u00abWorl War\u00bb. En 2018 publicaron su primer disco \u00abFrom The Cradle To The Grave\u00bb.<\/p>\n<p>Ya en 2022 lanzaron \u00abRoots of Damnation\u00bb. Desde \u00abRotten System\u00bb hasta \u00abPerpetual Anxiety\u00bb se encuentran una cantidad de temas que denotan calidad y que marcan claramente esas influencias cl\u00e1sicas del thrash metal m\u00e1s purista europeo actualizado para nuestros d\u00edas.<\/p>\n<p>No te pierdas The Ghost Plague\u00bb, uno de los temas que es casi un himno del grupo&#8230; Esperamos que est\u00e9is preparados!!!<\/p>\n<p style=\"text-align: center;\"><span style=\"color: #ff0000;\"><strong>\u00a1\u00a1\u00a1 NO TE LO PUEDES PERDER !!!<\/strong><\/span><\/p>\n<p><img loading=\"lazy\" decoding=\"async\" class=\"size-medium wp-image-74 aligncenter\" src=\"https:\/\/www.almarza.info\/almarock\/wp-content\/uploads\/2025\/10\/grave_noise_1-300x300.jpg\" alt=\"\" width=\"300\" height=\"300\" srcset=\"https:\/\/www.almarza.info\/almarock\/wp-content\/uploads\/2025\/10\/grave_noise_1-300x300.jpg 300w, https:\/\/www.almarza.info\/almarock\/wp-content\/uploads\/2025\/10\/grave_noise_1-150x150.jpg 150w, https:\/\/www.almarza.info\/almarock\/wp-content\/uploads\/2025\/10\/grave_noise_1-180x180.jpg 180w, https:\/\/www.almarza.info\/almarock\/wp-content\/uploads\/2025\/10\/grave_noise_1.jpg 500w\" sizes=\"auto, (max-width: 300px) 100vw, 300px\" \/> <img loading=\"lazy\" decoding=\"async\" class=\"size-medium wp-image-75 aligncenter\" src=\"https:\/\/www.almarza.info\/almarock\/wp-content\/uploads\/2025\/10\/grave_noise_2-300x300.jpg\" alt=\"\" width=\"300\" height=\"300\" srcset=\"https:\/\/www.almarza.info\/almarock\/wp-content\/uploads\/2025\/10\/grave_noise_2-300x300.jpg 300w, https:\/\/www.almarza.info\/almarock\/wp-content\/uploads\/2025\/10\/grave_noise_2-150x150.jpg 150w, https:\/\/www.almarza.info\/almarock\/wp-content\/uploads\/2025\/10\/grave_noise_2-768x768.jpg 768w, https:\/\/www.almarza.info\/almarock\/wp-content\/uploads\/2025\/10\/grave_noise_2-640x640.jpg 640w, https:\/\/www.almarza.info\/almarock\/wp-content\/uploads\/2025\/10\/grave_noise_2-180x180.jpg 180w, https:\/\/www.almarza.info\/almarock\/wp-content\/uploads\/2025\/10\/grave_noise_2.jpg 1024w\" sizes=\"auto, (max-width: 300px) 100vw, 300px\" \/><\/p>\n<p><img loading=\"lazy\" decoding=\"async\" class=\"size-medium wp-image-76 aligncenter\" src=\"https:\/\/www.almarza.info\/almarock\/wp-content\/uploads\/2025\/10\/grave_noise_3-300x205.jpg\" alt=\"\" width=\"300\" height=\"205\" srcset=\"https:\/\/www.almarza.info\/almarock\/wp-content\/uploads\/2025\/10\/grave_noise_3-300x205.jpg 300w, https:\/\/www.almarza.info\/almarock\/wp-content\/uploads\/2025\/10\/grave_noise_3-1024x700.jpg 1024w, https:\/\/www.almarza.info\/almarock\/wp-content\/uploads\/2025\/10\/grave_noise_3-768x525.jpg 768w, https:\/\/www.almarza.info\/almarock\/wp-content\/uploads\/2025\/10\/grave_noise_3.jpg 1177w\" sizes=\"auto, (max-width: 300px) 100vw, 300px\" \/><\/p>\n","protected":false},"excerpt":{"rendered":"<p>El grupo soriano burgal\u00e9s es la segunda confirmaci\u00f3n del Almarock&#8217;25.<\/p>\n","protected":false},"author":1,"featured_media":73,"comment_status":"open","ping_status":"open","sticky":false,"template":"","format":"standard","meta":{"footnotes":""},"categories":[4],"tags":[3,6],"class_list":["post-71","post","type-post","status-publish","format-standard","has-post-thumbnail","hentry","category-grupos-2025","tag-3","tag-grave-noise"],"_links":{"self":[{"href":"https:\/\/www.almarza.info\/almarock\/wp-json\/wp\/v2\/posts\/71","targetHints":{"allow":["GET"]}}],"collection":[{"href":"https:\/\/www.almarza.info\/almarock\/wp-json\/wp\/v2\/posts"}],"about":[{"href":"https:\/\/www.almarza.info\/almarock\/wp-json\/wp\/v2\/types\/post"}],"author":[{"embeddable":true,"href":"https:\/\/www.almarza.info\/almarock\/wp-json\/wp\/v2\/users\/1"}],"replies":[{"embeddable":true,"href":"https:\/\/www.almarza.info\/almarock\/wp-json\/wp\/v2\/comments?post=71"}],"version-history":[{"count":3,"href":"https:\/\/www.almarza.info\/almarock\/wp-json\/wp\/v2\/posts\/71\/revisions"}],"predecessor-version":[{"id":79,"href":"https:\/\/www.almarza.info\/almarock\/wp-json\/wp\/v2\/posts\/71\/revisions\/79"}],"wp:featuredmedia":[{"embeddable":true,"href":"https:\/\/www.almarza.info\/almarock\/wp-json\/wp\/v2\/media\/73"}],"wp:attachment":[{"href":"https:\/\/www.almarza.info\/almarock\/wp-json\/wp\/v2\/media?parent=71"}],"wp:term":[{"taxonomy":"category","embeddable":true,"href":"https:\/\/www.almarza.info\/almarock\/wp-json\/wp\/v2\/categories?post=71"},{"taxonomy":"post_tag","embeddable":true,"href":"https:\/\/www.almarza.info\/almarock\/wp-json\/wp\/v2\/tags?post=71"}],"curies":[{"name":"wp","href":"https:\/\/api.w.org\/{rel}","templated":true}]}}